{"id":2170,"date":"2020-04-17T09:31:41","date_gmt":"2020-04-17T07:31:41","guid":{"rendered":"https:\/\/www.nexusproskills.it\/?p=2170"},"modified":"2022-03-29T11:12:17","modified_gmt":"2022-03-29T09:12:17","slug":"armadi-cassetti-e-cloud","status":"publish","type":"post","link":"https:\/\/www.nexusproskills.it\/index.php\/2020\/04\/17\/armadi-cassetti-e-cloud\/","title":{"rendered":"Armadi, cassetti e cloud"},"content":{"rendered":"\t\t<div data-elementor-type=\"wp-post\" data-elementor-id=\"2170\" class=\"elementor elementor-2170\">\n\t\t\t\t\t\t<section class=\"elementor-section elementor-top-section elementor-element elementor-element-b6d731c elementor-section-boxed elementor-section-height-default elementor-section-height-default\" data-id=\"b6d731c\" data-element_type=\"section\">\n\t\t\t\t\t\t<div class=\"elementor-container elementor-column-gap-default\">\n\t\t\t\t\t<div class=\"aux-parallax-section elementor-column elementor-col-100 elementor-top-column elementor-element elementor-element-639100b\" data-id=\"639100b\" data-element_type=\"column\">\n\t\t\t<div class=\"elementor-widget-wrap elementor-element-populated\">\n\t\t\t\t\t\t<div class=\"elementor-element elementor-element-5181810 elementor-widget elementor-widget-image\" data-id=\"5181810\" data-element_type=\"widget\" data-widget_type=\"image.default\">\n\t\t\t\t<div class=\"elementor-widget-container\">\n\t\t\t\t\t\t\t\t\t\t\t\t\t\t\t<img decoding=\"async\" src=\"https:\/\/www.nexusproskills.it\/wp-content\/uploads\/2021\/04\/formazione-2-600x374.png\" title=\"formazione\" alt=\"formazione\" loading=\"lazy\" \/>\t\t\t\t\t\t\t\t\t\t\t\t\t\t\t<\/div>\n\t\t\t\t<\/div>\n\t\t\t\t\t<\/div>\n\t\t<\/div>\n\t\t\t\t\t<\/div>\n\t\t<\/section>\n\t\t\t\t<section class=\"elementor-section elementor-top-section elementor-element elementor-element-441e1e52 elementor-section-boxed elementor-section-height-default elementor-section-height-default\" data-id=\"441e1e52\" data-element_type=\"section\">\n\t\t\t\t\t\t<div class=\"elementor-container elementor-column-gap-default\">\n\t\t\t\t\t<div class=\"aux-parallax-section elementor-column elementor-col-100 elementor-top-column elementor-element elementor-element-5a99160\" data-id=\"5a99160\" data-element_type=\"column\">\n\t\t\t<div class=\"elementor-widget-wrap elementor-element-populated\">\n\t\t\t\t\t\t<div class=\"elementor-element elementor-element-48c6114d elementor-widget elementor-widget-text-editor\" data-id=\"48c6114d\" data-element_type=\"widget\" data-widget_type=\"text-editor.default\">\n\t\t\t\t<div class=\"elementor-widget-container\">\n\t\t\t\t\t\t\t\t\t\n<blockquote class=\"wp-block-quote is-layout-flow wp-block-quote-is-layout-flow\">\n<p>Da quando \u00e8 partita la mia avventura quotidiana dello\u00a0<strong>Smart Working<\/strong>\u00a0o meglio del telelavoro, mi sono accorta di essere immersa nel pi\u00f9 totale\u00a0disordine.<\/p>\n<\/blockquote>\n\n<p>Il primo disordine \u00e8 quello della mia scrivania o meglio del tavolo su cui sto lavorando.<\/p>\n\n<p>Con un figlio al liceo e una all\u2019universit\u00e0 le scrivanie e le stanze pi\u00f9 riservate sono state requisite e a me rimane da utilizzare o il tavolo della cucina o quello della sala da pranzo, gi\u00e0 comunque utilizzato da mio marito, anch\u2019esso in smart working. Cavi, blocchi, penne, pc, telefonini\u00a0e il vaso\u00a0di fiori che prima era al centro della tavola nel suo splendore, ora \u00e8 in un angolo dimostrando tutta la sua\u00a0inutilit\u00e0. (Ma quando l\u2019ho comprato questo vaso?)<\/p>\n\n<p>Poi il PC.<\/p>\n\n<p>Menomale che sono anni che lavoriamo sul CLOUD e che il nostro settore ICT ha forzato per avviare una attivit\u00e0 di Knowledge sharing anche in tempi non sospetti.<\/p>\n\n<p>Ma adesso che guardo al nostro CLOUD con occhi da esterno e che devo aiutare le persone a cercare e trovare file, vedo con estrema lucidit\u00e0 il disordine che vi regna.<\/p>\n\n<p>Leggo con chiarezza in queste directory e in questi file condivisi gli ultimi 5 anni della nostra vita lavorativa:\u00a0<strong>i ritmi serrati, il turn over di alcuni dipendenti, la scarsa capacit\u00e0 insita nel genere umano di riutilizzare format esistenti e la necessit\u00e0 di creare sempre nuovi documenti.<\/strong><\/p>\n\n<p>Vivo, lavorando in questo\u00a0cloud (che in questo momento ci ha salvato la vita professionale), la stessa sensazione di quando apri l\u2019armadio nelle stagioni di mezzo, di quando ci sono ancora i maglioni invernali ma cerchi disperatamente le T-Shirt e tutto si mescola in un\u2019unica stagione settembrina.<\/p>\n\n<p>Ogni qual volta mi prende questa sensazione, dopo alcuni giorni, decido che\u00a0<strong>\u00e8 arrivato il momento giusto per tirare fuori tutto e rimettere\u00a0\u00a0in ordine<\/strong>: capi con la stessa pesantezza da una parte, camicie e magliette da un\u2019altra (vogliamo anche provare ad ordinare per colore?), cose da buttare perch\u00e9 non le uso da una vita.<\/p>\n\n<p>Mettere in ordine non vuol dire solo dare un posto ad ogni cosa ma scegliere cosa indossare in futuro.<\/p>\n\n<p>Lo so lo sforzo \u00e8 tanto (poi io sono pure allergica alla polvere) ma la sensazione finale \u00e8 bellissima. Dopo questo pazzo riordino non sar\u00e0 pi\u00f9 difficile capire cosa mettersi ma anzi saranno i vestiti a proporsi.<\/p>\n\n<p><strong>Bene, grazie a questo periodo di isolamento forzato, che mi ha fatto aprire l\u2019armadio del nostro cloud ho capito che \u00e8 necessario mettere in ordine anche qui.<\/strong><\/p>\n\n<p>Che alla base delle\u00a0competenze dello Smart Worker, di cui si fa un gran parlare in questo momento,\u00a0c\u2019\u00e8 una competenza fondamentale, forse banale, che definisco capacit\u00e0 di gestire l\u2019ORDINE ossia la capacit\u00e0 di sapere dove collocare e condividere i documenti per s\u00e8 e per gli altri.<\/p>\n\n<p>Quello di cui parlo non riguarda<strong>\u00a0solo la consapevolezza di dove archiviare le cose ma attiene alla capacit\u00e0 del singolo di avere consapevolezza del business dell\u2019azienda per la quale si lavora e quindi condividerne appieno i processi<\/strong>.<\/p>\n\n<p>Solo chi possiede questa consapevolezza \u00e8 realmente capace di capire quali\u00a0sono i documenti da condividere e dove archiviarli.<\/p>\n\n<p>Senza dimenticare che uno\u00a0smart worker efficace \u00e8 anche consapevole\u00a0che con molta probabilit\u00e0 quel documento, che deve\u00a0produrre, \u00e8 gi\u00e0 stato elaborato da qualche collega\u00a0e quindi\u00a0<strong>sa dove cercare per trovare semilavorati o documenti gi\u00e0 belli e fatti che possono far\u00a0recuperare tanto tempo<\/strong>. Qui il discorso si complica.\u00a0Nel lavoro a distanza, non\u00a0devo essere solo ordinato per me, come accade nella mia cabina armadio,\u00a0ma devo anche essere\u00a0capace di condividere l\u2019ordine e la logica dell\u2019ordine stesso con altri per fare in modo che non bisogna ogni due giorni \u201ctirare tutto fuori\u201d e ricominciare da capo.<\/p>\n\n<p>Quindi, visto che \u00e8<strong>\u00a0ORA<\/strong>\u00a0il tempo dello Smart working, decido di mettere ordine nel nostro CLOUD e mi rendo conto che non sto solo mettendo ordine in un posto fisico ma sto d<strong>ecidendo cosa buttare e cosa tenere,\u00a0quale ex-dipendente salutare per sempre, quale\u00a0logica dare al business e quali procedure condividere con i miei colleghi.<\/strong><\/p>\n\n<p>In ultima analisi sto facendo largo all&#8217;essenziale. Segno dei tempi.<\/p>\n\n<p style=\"text-align: right;\">Pina Basti<\/p>\n\t\t\t\t\t\t\t\t<\/div>\n\t\t\t\t<\/div>\n\t\t\t\t\t<\/div>\n\t\t<\/div>\n\t\t\t\t\t<\/div>\n\t\t<\/section>\n\t\t\t\t<\/div>\n\t\t","protected":false},"excerpt":{"rendered":"<p>Da quando \u00e8 partita la mia avventura quotidiana dello\u00a0Smart Working\u00a0o meglio del telelavoro, mi sono accorta di essere immersa nel pi\u00f9 totale\u00a0disordine. Il primo disordine \u00e8 quello della mia scrivania o meglio del tavolo su cui sto lavorando. Con un figlio al liceo e una all\u2019universit\u00e0 le scrivanie e le stanze pi\u00f9 riservate sono state [&hellip;]<\/p>\n","protected":false},"author":7,"featured_media":0,"comment_status":"open","ping_status":"open","sticky":false,"template":"","format":"standard","meta":{"_themeisle_gutenberg_block_has_review":false,"footnotes":""},"categories":[74],"tags":[49,82,83],"class_list":["post-2170","post","type-post","status-publish","format-standard","hentry","category-smartworking","tag-apprendimento","tag-formazione","tag-smartworking"],"aioseo_notices":[],"_links":{"self":[{"href":"https:\/\/www.nexusproskills.it\/index.php\/wp-json\/wp\/v2\/posts\/2170","targetHints":{"allow":["GET"]}}],"collection":[{"href":"https:\/\/www.nexusproskills.it\/index.php\/wp-json\/wp\/v2\/posts"}],"about":[{"href":"https:\/\/www.nexusproskills.it\/index.php\/wp-json\/wp\/v2\/types\/post"}],"author":[{"embeddable":true,"href":"https:\/\/www.nexusproskills.it\/index.php\/wp-json\/wp\/v2\/users\/7"}],"replies":[{"embeddable":true,"href":"https:\/\/www.nexusproskills.it\/index.php\/wp-json\/wp\/v2\/comments?post=2170"}],"version-history":[{"count":15,"href":"https:\/\/www.nexusproskills.it\/index.php\/wp-json\/wp\/v2\/posts\/2170\/revisions"}],"predecessor-version":[{"id":5683,"href":"https:\/\/www.nexusproskills.it\/index.php\/wp-json\/wp\/v2\/posts\/2170\/revisions\/5683"}],"wp:attachment":[{"href":"https:\/\/www.nexusproskills.it\/index.php\/wp-json\/wp\/v2\/media?parent=2170"}],"wp:term":[{"taxonomy":"category","embeddable":true,"href":"https:\/\/www.nexusproskills.it\/index.php\/wp-json\/wp\/v2\/categories?post=2170"},{"taxonomy":"post_tag","embeddable":true,"href":"https:\/\/www.nexusproskills.it\/index.php\/wp-json\/wp\/v2\/tags?post=2170"}],"curies":[{"name":"wp","href":"https:\/\/api.w.org\/{rel}","templated":true}]}}